{"id":7167,"date":"2020-01-15T12:46:31","date_gmt":"2020-01-15T12:46:31","guid":{"rendered":"https:\/\/acircan.com.br\/site\/?p=7167"},"modified":"2020-01-15T12:46:31","modified_gmt":"2020-01-15T12:46:31","slug":"governo-eleva-salario-minimo-para-r-1-045","status":"publish","type":"post","link":"https:\/\/acircan.com.br\/site\/governo-eleva-salario-minimo-para-r-1-045\/","title":{"rendered":"Governo eleva sal\u00e1rio m\u00ednimo para R$ 1.045"},"content":{"rendered":"<div id=\"attachment_7168\" style=\"width: 2491px\" class=\"wp-caption aligncenter\"><img loading=\"lazy\" decoding=\"async\" aria-describedby=\"caption-attachment-7168\" class=\"wp-image-7168 size-full\" src=\"https:\/\/acircan.com.br\/site\/wp-content\/uploads\/2020\/01\/bolsonaro.jpg\" alt=\"\" width=\"2481\" height=\"882\" srcset=\"https:\/\/acircan.com.br\/site\/wp-content\/uploads\/2020\/01\/bolsonaro.jpg 2481w, https:\/\/acircan.com.br\/site\/wp-content\/uploads\/2020\/01\/bolsonaro-300x107.jpg 300w, https:\/\/acircan.com.br\/site\/wp-content\/uploads\/2020\/01\/bolsonaro-1030x366.jpg 1030w, https:\/\/acircan.com.br\/site\/wp-content\/uploads\/2020\/01\/bolsonaro-768x273.jpg 768w, https:\/\/acircan.com.br\/site\/wp-content\/uploads\/2020\/01\/bolsonaro-1536x546.jpg 1536w, https:\/\/acircan.com.br\/site\/wp-content\/uploads\/2020\/01\/bolsonaro-2048x728.jpg 2048w, https:\/\/acircan.com.br\/site\/wp-content\/uploads\/2020\/01\/bolsonaro-1500x533.jpg 1500w, https:\/\/acircan.com.br\/site\/wp-content\/uploads\/2020\/01\/bolsonaro-705x251.jpg 705w\" sizes=\"auto, (max-width: 2481px) 100vw, 2481px\" \/><p id=\"caption-attachment-7168\" class=\"wp-caption-text\">Reajuste decorre da infla\u00e7\u00e3o mais alta em 2019 <br \/>Foto: EBC Not\u00edcias<\/p><\/div>\n<p style=\"text-align: justify;\">O presidente Jair Bolsonaro e o ministro da Economia, Paulo Guedes, anunciaram na tarde de\u00a0hoje\u00a0(14), em Bras\u00edlia, que o sal\u00e1rio m\u00ednimo de 2020 ser\u00e1 elevado de R$\u00a01.039 para R$ 1.045. Uma medida provis\u00f3ria (MP) ser\u00e1 editada pelo presidente nos pr\u00f3ximos dias para oficializar o aumento.<\/p>\n<p style=\"text-align: justify;\">&#8220;N\u00f3s tivemos uma infla\u00e7\u00e3o at\u00edpica em dezembro, a gente n\u00e3o esperava que fosse t\u00e3o alta assim, mas foi em virtude, basicamente, da carne, e t\u00ednhamos que fazer com que o\u00a0valor do sal\u00e1rio m\u00ednimo fosse mantido, ent\u00e3o ele passa, via medida provis\u00f3ria, de R$ 1.039 para R$ 1.045, a partir de 1\u00ba de fevereiro&#8221;, afirmou Bolsonaro no Minist\u00e9rio da Economia, ao lado de Guedes. O presidente e o ministro se reuniram duas vezes ao longo do dia para debaterem o assunto.<\/p>\n<p style=\"text-align: justify;\">No final do ano passado, o governo\u00a0<a href=\"http:\/\/[http:\/\/agenciabrasil.ebc.com.br\/economia\/noticia\/2019-12\/salario-minimo-sera-de-r-1039-em-2020\" target=\"_blank\" rel=\"noopener noreferrer\">editou uma MP<\/a>\u00a0com um reajuste de 4,1% no m\u00ednimo, que passou de R$ 998 para R$ 1.039. O valor correspondia \u00e0 estimativa do mercado financeiro para a infla\u00e7\u00e3o de 2019, segundo o \u00cdndice Nacional do Pre\u00e7os ao Consumidor (INPC), calculado pelo Instituto Brasileiro de Geografia e Estat\u00edstica (IBGE). Por\u00e9m, o valor do INPC acabou fechando o ano com uma alta superior, de 4,48%, anunciada na semana passada e, com isso, deixou o novo valor do m\u00ednimo abaixo da infla\u00e7\u00e3o.\u00a0Por lei, esse \u00e9 o \u00edndice usado\u00a0para o reajuste do sal\u00e1rio m\u00ednimo, embora a infla\u00e7\u00e3o oficial seja a medida pelo \u00cdndice Nacional de Pre\u00e7os ao Consumidor Amplo (IPCA), que fechou o ano de 2019 em\u00a04,31%.<\/p>\n<p style=\"text-align: justify;\">&#8220;N\u00f3s vamos\u00a0ter\u00a0que achar os recursos para fazer isso, mas o mais importante \u00e9 o esp\u00edrito que o presidente defendeu, da carta constitucional, que \u00e9 a preserva\u00e7\u00e3o do\u00a0poder de compra do sal\u00e1rio m\u00ednimo&#8221;, afirmou Paulo Guedes. Segundo o ministro, com o novo aumento, o impacto nas contas p\u00fablicas ser\u00e1 de cerca de R$ 2,3 bilh\u00f5es, que poder\u00e3o ser compensados com R$ 8 bilh\u00f5es de\u00a0arrecada\u00e7\u00e3o extra\u00a0prevista pelo governo.<\/p>\n<p style=\"text-align: justify;\">&#8220;N\u00f3s j\u00e1 temos, eu prefiro n\u00e3o falar da natureza do ganho, que vai ser anunciado possivelmente em mais uma semana, n\u00f3s j\u00e1 vamos arrecadar mais R$ 8 bilh\u00f5es. N\u00e3o \u00e9\u00a0aumento de imposto, n\u00e3o \u00e9 nada disso. S\u00e3o fontes que estamos procurando, n\u00f3s vamos anunciar R$ 8 bilh\u00f5es que v\u00e3o aparecer, de forma que esse aumento de R$ 2,3 bilh\u00f5es\u00a0vai caber no or\u00e7amento&#8221;, informou o ministro. Ainda segundo ele, caso n\u00e3o seja poss\u00edvel cobrir o aumento de gasto no or\u00e7amento para custear o valor do m\u00ednimo, o governo n\u00e3o descarta algum contingenciamento.<\/p>\n<p style=\"text-align: justify;\">At\u00e9 o ano passado, a pol\u00edtica de reajuste do sal\u00e1rio m\u00ednimo, aprovada em lei, previa uma corre\u00e7\u00e3o pela infla\u00e7\u00e3o mais a varia\u00e7\u00e3o do Produto Interno Bruto (PIB, soma dos bens e servi\u00e7os produzidos no pa\u00eds). Esse modelo vigorou entre 2011 e 2019. Por\u00e9m, nem sempre houve aumento real nesse per\u00edodo porque o PIB do pa\u00eds, em 2015 e 2016, registrou retra\u00e7\u00e3o, com queda de 7% nos acumulado desses dois anos.<\/p>\n<p style=\"text-align: justify;\">O governo estima que, para cada aumento de R$ 1 no sal\u00e1rio m\u00ednimo, as despesas elevam-se em R$ 355,5 milh\u00f5es, principalmente por causa do pagamento de benef\u00edcios da Previd\u00eancia Social, do abono salarial e do seguro-desemprego, todos atrelados ao m\u00ednimo.<\/p>\n<p>&nbsp;<\/p>\n<p><em>Fonte: Not\u00edcias EBC<\/em><\/p>\n<p><strong>ASCOM &#8211; ACIRCAN<\/strong><\/p>\n","protected":false},"excerpt":{"rendered":"<p>O presidente Jair Bolsonaro e o ministro da Economia, Paulo Guedes, anunciaram na tarde de\u00a0hoje\u00a0(14), em Bras\u00edlia, que o sal\u00e1rio m\u00ednimo de 2020 ser\u00e1 elevado de R$\u00a01.039 para R$ 1.045. Uma medida provis\u00f3ria (MP) ser\u00e1 editada pelo presidente nos pr\u00f3ximos dias para oficializar o aumento. &#8220;N\u00f3s tivemos uma infla\u00e7\u00e3o at\u00edpica em dezembro, a gente n\u00e3o [&hellip;]<\/p>\n","protected":false},"author":2,"featured_media":0,"comment_status":"open","ping_status":"open","sticky":false,"template":"","format":"standard","meta":{"footnotes":""},"categories":[108],"tags":[],"class_list":["post-7167","post","type-post","status-publish","format-standard","hentry","category-noticias"],"_links":{"self":[{"href":"https:\/\/acircan.com.br\/site\/wp-json\/wp\/v2\/posts\/7167","targetHints":{"allow":["GET"]}}],"collection":[{"href":"https:\/\/acircan.com.br\/site\/wp-json\/wp\/v2\/posts"}],"about":[{"href":"https:\/\/acircan.com.br\/site\/wp-json\/wp\/v2\/types\/post"}],"author":[{"embeddable":true,"href":"https:\/\/acircan.com.br\/site\/wp-json\/wp\/v2\/users\/2"}],"replies":[{"embeddable":true,"href":"https:\/\/acircan.com.br\/site\/wp-json\/wp\/v2\/comments?post=7167"}],"version-history":[{"count":3,"href":"https:\/\/acircan.com.br\/site\/wp-json\/wp\/v2\/posts\/7167\/revisions"}],"predecessor-version":[{"id":7172,"href":"https:\/\/acircan.com.br\/site\/wp-json\/wp\/v2\/posts\/7167\/revisions\/7172"}],"wp:attachment":[{"href":"https:\/\/acircan.com.br\/site\/wp-json\/wp\/v2\/media?parent=7167"}],"wp:term":[{"taxonomy":"category","embeddable":true,"href":"https:\/\/acircan.com.br\/site\/wp-json\/wp\/v2\/categories?post=7167"},{"taxonomy":"post_tag","embeddable":true,"href":"https:\/\/acircan.com.br\/site\/wp-json\/wp\/v2\/tags?post=7167"}],"curies":[{"name":"wp","href":"https:\/\/api.w.org\/{rel}","templated":true}]}}